{"id":7081,"date":"2020-09-22T10:00:29","date_gmt":"2020-09-22T10:00:29","guid":{"rendered":"https:\/\/dentalspa.life\/?p=7081"},"modified":"2020-09-21T13:55:04","modified_gmt":"2020-09-21T13:55:04","slug":"hoy-comienza-el-otono","status":"publish","type":"post","link":"https:\/\/dentalspa.life\/ca\/actualidad\/hoy-comienza-el-otono\/","title":{"rendered":"Hoy comienza el oto\u00f1o."},"content":{"rendered":"<p>El equinoccio de oto\u00f1o nos recuerda que el verano ha llegado a su fin. Y da paso a una nueva estaci\u00f3n que nos evoca sensaciones m\u00e1s reposadas que las del verano.<\/p>\n<p>&nbsp;<\/p>\n<p>Hoy el d\u00eda durar\u00e1 lo mismo que la noche. En perfecto equilibrio.<\/p>\n<p>&nbsp;<\/p>\n<p>El oto\u00f1o es la \u00e9poca del a\u00f1o que invita a la reflexi\u00f3n, a la quietud. Con sus tonos anaranjados y marrones. Con sus d\u00edas m\u00e1s fr\u00edos y cortos.<\/p>\n<p>&nbsp;<\/p>\n<p>El oto\u00f1o nos recuerda que nada es permanente. Las hojas cambian de tonalidad y acaban cayendo. Dando paso a un nuevo ciclo.<\/p>\n<p>&nbsp;<\/p>\n<p>Los d\u00edas se acortan poco a poco y la vida se desarrolla m\u00e1s en los hogares y menos en las calles. Invitando a la introspecci\u00f3n. Tambi\u00e9n a la pausa.<\/p>\n<p>&nbsp;<\/p>\n<p>En esta transici\u00f3n hacia la estaci\u00f3n m\u00e1s fr\u00eda del a\u00f1o aprovechemos para recuperar el equilibrio y las costumbres saludables.<\/p>\n<p>&nbsp;<\/p>\n<h3>Hoy comienza el oto\u00f1o, \u00bfqu\u00e9 te transmite a ti esta estaci\u00f3n del a\u00f1o?<\/h3>","protected":false},"excerpt":{"rendered":"<p>El equinoccio de oto\u00f1o nos recuerda que el verano ha llegado a su fin. Y da paso a una nueva estaci\u00f3n que nos evoca sensaciones&#8230;<\/p>","protected":false},"author":1,"featured_media":7082,"comment_status":"open","ping_status":"open","sticky":false,"template":"","format":"standard","meta":{"_joinchat":[],"footnotes":""},"categories":[23],"tags":[],"class_list":{"0":"post-7081","1":"post","2":"type-post","3":"status-publish","4":"format-standard","5":"has-post-thumbnail","7":"category-actualidad"},"_links":{"self":[{"href":"https:\/\/dentalspa.life\/ca\/wp-json\/wp\/v2\/posts\/7081","targetHints":{"allow":["GET"]}}],"collection":[{"href":"https:\/\/dentalspa.life\/ca\/wp-json\/wp\/v2\/posts"}],"about":[{"href":"https:\/\/dentalspa.life\/ca\/wp-json\/wp\/v2\/types\/post"}],"author":[{"embeddable":true,"href":"https:\/\/dentalspa.life\/ca\/wp-json\/wp\/v2\/users\/1"}],"replies":[{"embeddable":true,"href":"https:\/\/dentalspa.life\/ca\/wp-json\/wp\/v2\/comments?post=7081"}],"version-history":[{"count":1,"href":"https:\/\/dentalspa.life\/ca\/wp-json\/wp\/v2\/posts\/7081\/revisions"}],"predecessor-version":[{"id":7083,"href":"https:\/\/dentalspa.life\/ca\/wp-json\/wp\/v2\/posts\/7081\/revisions\/7083"}],"wp:featuredmedia":[{"embeddable":true,"href":"https:\/\/dentalspa.life\/ca\/wp-json\/wp\/v2\/media\/7082"}],"wp:attachment":[{"href":"https:\/\/dentalspa.life\/ca\/wp-json\/wp\/v2\/media?parent=7081"}],"wp:term":[{"taxonomy":"category","embeddable":true,"href":"https:\/\/dentalspa.life\/ca\/wp-json\/wp\/v2\/categories?post=7081"},{"taxonomy":"post_tag","embeddable":true,"href":"https:\/\/dentalspa.life\/ca\/wp-json\/wp\/v2\/tags?post=7081"}],"curies":[{"name":"wp","href":"https:\/\/api.w.org\/{rel}","templated":true}]}}