{"id":8035,"date":"2022-12-06T14:20:33","date_gmt":"2022-12-06T14:20:33","guid":{"rendered":"https:\/\/dentalspa.life\/?p=8035"},"modified":"2022-12-05T14:21:54","modified_gmt":"2022-12-05T14:21:54","slug":"la-enfermedad-de-las-encias-y-sus-riesgos","status":"publish","type":"post","link":"https:\/\/dentalspa.life\/ca\/dentista-barcelona\/la-enfermedad-de-las-encias-y-sus-riesgos\/","title":{"rendered":"La enfermedad de las enc\u00edas y sus riesgos."},"content":{"rendered":"<p>La enfermedad de las enc\u00edas aumenta el riesgo de padecer otras enfermedades.<br \/>\nHay que tener mucho cuidado: mejor prevenir, \u00bfno crees?<br \/>\nSe le llama #periodontitis a la inflamaci\u00f3n cr\u00f3nica de las enc\u00edas.<br \/>\nSi no se trata puede hacerte perder dientes.<br \/>\nTambi\u00e9n afea tu sonrisa porque las enc\u00edas se retraen.<br \/>\nY lo peor es que tiene consecuencias en tu salud general. Aumenta el riesgo de padecer otras enfermedades como la diabetes, la hipertensi\u00f3n y el alzh\u00e9imer, entre otras.<br \/>\nLo mejor que puedes hacer es mantener una buena higiene dental y acudir a revisiones peri\u00f3dicas.<br \/>\nPrevenci\u00f3n y seguimiento.<\/p>\n<p>Cuida de ti. Cuida de tu salud.<\/p>\n<p>\u00bfHas notado cambios en tus enc\u00edas?<\/p>","protected":false},"excerpt":{"rendered":"<p>La enfermedad de las enc\u00edas aumenta el riesgo de padecer otras enfermedades. Hay que tener mucho cuidado: mejor prevenir, \u00bfno crees? Se le llama #periodontitis&#8230;<\/p>","protected":false},"author":1,"featured_media":8036,"comment_status":"open","ping_status":"open","sticky":false,"template":"","format":"standard","meta":{"_joinchat":[],"footnotes":""},"categories":[27,28,29,30,32,33,34,35,36,37],"tags":[],"class_list":{"0":"post-8035","1":"post","2":"type-post","3":"status-publish","4":"format-standard","5":"has-post-thumbnail","7":"category-dentista-barcelona","8":"category-dentista-inca","9":"category-dentista-las-palmas","10":"category-dentista-lleida","11":"category-dentista-palma","12":"category-dentista-sabadell","13":"category-dentista-sevilla","14":"category-dentista-tarragona","15":"category-dentista-torrent","16":"category-dentista-valencia"},"_links":{"self":[{"href":"https:\/\/dentalspa.life\/ca\/wp-json\/wp\/v2\/posts\/8035","targetHints":{"allow":["GET"]}}],"collection":[{"href":"https:\/\/dentalspa.life\/ca\/wp-json\/wp\/v2\/posts"}],"about":[{"href":"https:\/\/dentalspa.life\/ca\/wp-json\/wp\/v2\/types\/post"}],"author":[{"embeddable":true,"href":"https:\/\/dentalspa.life\/ca\/wp-json\/wp\/v2\/users\/1"}],"replies":[{"embeddable":true,"href":"https:\/\/dentalspa.life\/ca\/wp-json\/wp\/v2\/comments?post=8035"}],"version-history":[{"count":1,"href":"https:\/\/dentalspa.life\/ca\/wp-json\/wp\/v2\/posts\/8035\/revisions"}],"predecessor-version":[{"id":8037,"href":"https:\/\/dentalspa.life\/ca\/wp-json\/wp\/v2\/posts\/8035\/revisions\/8037"}],"wp:featuredmedia":[{"embeddable":true,"href":"https:\/\/dentalspa.life\/ca\/wp-json\/wp\/v2\/media\/8036"}],"wp:attachment":[{"href":"https:\/\/dentalspa.life\/ca\/wp-json\/wp\/v2\/media?parent=8035"}],"wp:term":[{"taxonomy":"category","embeddable":true,"href":"https:\/\/dentalspa.life\/ca\/wp-json\/wp\/v2\/categories?post=8035"},{"taxonomy":"post_tag","embeddable":true,"href":"https:\/\/dentalspa.life\/ca\/wp-json\/wp\/v2\/tags?post=8035"}],"curies":[{"name":"wp","href":"https:\/\/api.w.org\/{rel}","templated":true}]}}