{"id":8079,"date":"2023-01-16T15:01:58","date_gmt":"2023-01-16T15:01:58","guid":{"rendered":"https:\/\/dentalspa.life\/?p=8079"},"modified":"2023-01-16T15:07:05","modified_gmt":"2023-01-16T15:07:05","slug":"el-dia-mas-triste-del-ano","status":"publish","type":"post","link":"https:\/\/dentalspa.life\/ca\/dentista-barcelona\/el-dia-mas-triste-del-ano\/","title":{"rendered":"El d\u00eda m\u00e1s triste del a\u00f1o."},"content":{"rendered":"<p>\u00bfQui\u00e9n dice que el tercer lunes de enero tiene que ser el m\u00e1s triste del a\u00f1o?<br \/>\nNo parece muy cient\u00edfica esa afirmaci\u00f3n, aunque hay quien defiende que el #bluemonday est\u00e1 calculado con una f\u00f3rmula pseudomatem\u00e1tica.<br \/>\nSi alguien sabe de sonrisas somos los profesionales de la salud bucodental.<br \/>\nEn realidad, cada uno siente alegr\u00eda o tristeza por diferentes motivos.<br \/>\nS\u00ed que es verdad que ayuda mucho a sonre\u00edr el sentirse f\u00edsica y emocionalmente bien. Y que la autoestima alta es importante.<br \/>\nLos tratamientos de est\u00e9tica dental pueden conseguir grandes resultados, no solo a simple vista, con una sonrisa bonita, sino que si te ves bien en el espejo, mejora tu estado de \u00e1nimo.<\/p>\n<p>Eso s\u00ed que es un hecho: tanto si es el tercer lunes de enero como si es 7 de julio.<\/p>\n<p>\u00bfTe sientes especialmente triste en estos d\u00edas? \u00bfA qu\u00e9 lo achacas?<\/p>","protected":false},"excerpt":{"rendered":"<p>\u00bfQui\u00e9n dice que el tercer lunes de enero tiene que ser el m\u00e1s triste del a\u00f1o? No parece muy cient\u00edfica esa afirmaci\u00f3n, aunque hay quien&#8230;<\/p>","protected":false},"author":1,"featured_media":8080,"comment_status":"open","ping_status":"open","sticky":false,"template":"","format":"standard","meta":{"_joinchat":[],"footnotes":""},"categories":[27,28,29,30,32,33,35,36,37],"tags":[],"class_list":{"0":"post-8079","1":"post","2":"type-post","3":"status-publish","4":"format-standard","5":"has-post-thumbnail","7":"category-dentista-barcelona","8":"category-dentista-inca","9":"category-dentista-las-palmas","10":"category-dentista-lleida","11":"category-dentista-palma","12":"category-dentista-sabadell","13":"category-dentista-tarragona","14":"category-dentista-torrent","15":"category-dentista-valencia"},"_links":{"self":[{"href":"https:\/\/dentalspa.life\/ca\/wp-json\/wp\/v2\/posts\/8079","targetHints":{"allow":["GET"]}}],"collection":[{"href":"https:\/\/dentalspa.life\/ca\/wp-json\/wp\/v2\/posts"}],"about":[{"href":"https:\/\/dentalspa.life\/ca\/wp-json\/wp\/v2\/types\/post"}],"author":[{"embeddable":true,"href":"https:\/\/dentalspa.life\/ca\/wp-json\/wp\/v2\/users\/1"}],"replies":[{"embeddable":true,"href":"https:\/\/dentalspa.life\/ca\/wp-json\/wp\/v2\/comments?post=8079"}],"version-history":[{"count":1,"href":"https:\/\/dentalspa.life\/ca\/wp-json\/wp\/v2\/posts\/8079\/revisions"}],"predecessor-version":[{"id":8081,"href":"https:\/\/dentalspa.life\/ca\/wp-json\/wp\/v2\/posts\/8079\/revisions\/8081"}],"wp:featuredmedia":[{"embeddable":true,"href":"https:\/\/dentalspa.life\/ca\/wp-json\/wp\/v2\/media\/8080"}],"wp:attachment":[{"href":"https:\/\/dentalspa.life\/ca\/wp-json\/wp\/v2\/media?parent=8079"}],"wp:term":[{"taxonomy":"category","embeddable":true,"href":"https:\/\/dentalspa.life\/ca\/wp-json\/wp\/v2\/categories?post=8079"},{"taxonomy":"post_tag","embeddable":true,"href":"https:\/\/dentalspa.life\/ca\/wp-json\/wp\/v2\/tags?post=8079"}],"curies":[{"name":"wp","href":"https:\/\/api.w.org\/{rel}","templated":true}]}}